{"id":3033,"date":"2021-10-14T15:33:21","date_gmt":"2021-10-14T15:33:21","guid":{"rendered":"https:\/\/myluencer.com\/?p=3033"},"modified":"2021-10-31T14:57:40","modified_gmt":"2021-10-31T14:57:40","slug":"we-are-the-future","status":"publish","type":"post","link":"https:\/\/myluencer.com\/en\/myluencer\/we-are-the-future\/","title":{"rendered":"We Are The Future"},"content":{"rendered":"<p>We Are The Future..<\/p>\n\n\n\n<p>Freitag Abend und es hei\u00dft\u2026 Feierabend! Ich verlasse die Arbeit so schnell ich kann. Ich spaziere immer die H\u00e4lfte des Weges nachhause durch die Innenstadt, es ist immer so sch\u00f6n hier und mit etwas Musik in den Ohren erlebe ich alles als &#8221;Me Time&#8221;. Auf der H\u00e4lfte der Strecke, in der Ferne erkenne ich ein bekanntes Gesicht, das mir entgegen kommt. Da wir uns seit einer l\u00e4ngeren Zeit nicht gesehen haben, umarmen wir uns und da ist die Frage.&nbsp;<br>\"Steff, how are you?\"&nbsp;<\/p>\n\n\n\n<p>And time stands still for a second ... It starts to rattle in my head ... <\/p>\n\n\n\n<figure class=\"wp-block-image size-large\"><img loading=\"lazy\" decoding=\"async\" width=\"1024\" height=\"731\" src=\"https:\/\/myluencer.com\/wp-content\/uploads\/2021\/10\/Mond-Steff-1024x731.jpg\" alt=\"\" class=\"wp-image-3079\" srcset=\"https:\/\/myluencer.com\/wp-content\/uploads\/2021\/10\/Mond-Steff-1024x731.jpg 1024w, https:\/\/myluencer.com\/wp-content\/uploads\/2021\/10\/Mond-Steff-300x214.jpg 300w, https:\/\/myluencer.com\/wp-content\/uploads\/2021\/10\/Mond-Steff-768x548.jpg 768w, https:\/\/myluencer.com\/wp-content\/uploads\/2021\/10\/Mond-Steff-18x12.jpg 18w, https:\/\/myluencer.com\/wp-content\/uploads\/2021\/10\/Mond-Steff.jpg 1200w\" sizes=\"auto, (max-width: 1024px) 100vw, 1024px\" \/><\/figure>\n\n\n\n<h5 class=\"wp-block-heading\"><strong>How am I?<\/strong><\/h5>\n\n\n\n<p>How should I feel when a trans woman with a migration background set herself on fire in broad daylight on the Berlin roadside last week? Nobody has questioned why, our lives are worth less, thinks the system. And no, I don't make it up, I know. I feel that in my skin every day. So \"How am I?\" I ask myself. <\/p>\n\n\n\n<p>Habe letztens eine Geschichte geh\u00f6rt, wo eine Trans Frau ermordet wurde von dem Mann mit dem sie Geschlechtsverkehr hatte, mit der Begr\u00fcndung sie habe nicht davor erw\u00e4hnt, dass sie keine geschlechtsangleichende Operation hatte. Ist das jetzt ein Grund um jemanden zu ermorden? Hat sie ihm das wirklich nicht gesagt? Oder benutzt er das als Ausrede, nachdem er seinen Fetisch ausgelebt hatte? War das ein Bew\u00e4ltigungsmechanismus seiner internalisierten Transphobie? So viele Fragen!!! Und keine Antworten, egal welche ich mir ausdenke, keine einzige w\u00fcrde irgendwas rechtfertigen. Wenn ihr w\u00fcsstet wie viele Trans Frauen ich kannte, pers\u00f6nlich und auch nur von Erz\u00e4hlungen, oder auch nur fl\u00fcchtig gesehen. Wie viele nicht mehr da sind. Warum? Es gibt nur 2 Optionen. Die Gesellschaft bzw. unser Umfeld dr\u00e4ngt uns mit unsichtbaren H\u00e4nden, brutal und ohne Pardon in eine Ecke, wo wir keinen anderen Ausweg mehr sehen, au\u00dfer uns das Leben selbst zu nehmen. Oder wir fallen in echte H\u00e4nde, die das f\u00fcr uns machen. Ihrer Meinung nach verdienen wir denn Schmerz, das Ungl\u00fcck, die Angst. <\/p>\n\n\n\n<p>Cis straight men don't like us all, they say, but every year we are in the top 3 categories of all erotic sites. Cis women don't like sharing public toilets and changing rooms with us, or doing sports with us. However, they took over the contouring of the make-up and the aesthetic interventions from us. It is good to change something in yourself if you don't feel comfortable in your own body, but this rule does not apply to us! Why? This chromosome is the reason. Everything I don't have in life, every experience I wasn't allowed to have, was because of this stupid chromosome! This stupid chromosome that no one has ever seen that I don't know myself makes me pay a price! We don't have families, we don't deserve love, we don't have a home. There are countries where we are allowed to be killed. The average life expectancy of a trans woman is between 30-32 years! YES 30! So I have a few more months, if all goes well, to reach that exact age. All because of a chromosome in this broken world. I often forget that I am trans, but society and the system are constantly there to remind me. I can't get away with unpleasant questions about my genitals, fetishization when dating, even during job interviews.  &nbsp;<\/p>\n\n\n\n<figure class=\"wp-block-embed is-type-video is-provider-youtube wp-block-embed-youtube wp-embed-aspect-16-9 wp-has-aspect-ratio\"><div class=\"wp-block-embed__wrapper\">\n<iframe loading=\"lazy\" title=\"Ella - Life as a trans woman in Germany\" width=\"1320\" height=\"743\" src=\"https:\/\/www.youtube.com\/embed\/QiRxrl5NfAo?feature=oembed\" frameborder=\"0\" allow=\"accelerometer; autoplay; clipboard-write; encrypted-media; gyroscope; picture-in-picture\" allowfullscreen><\/iframe>\n<\/div><figcaption>The story of Ella<\/figcaption><\/figure>\n\n\n\n<h5 class=\"wp-block-heading\">History<\/h5>\n\n\n\n<p>In previous history, with Native Americans, we were some kind of goddesses; in many ancient peoples, we were wise. We were asked for advice, we solved problems, we were omnipotent and omniscient beings that man celebrated. Where is our appreciation today? Why is it different today? With the \"modern man\" came the distribution of gender roles and we were no longer worth anything. Now we are hunted, abused, despised, we are never good enough. Do not get me wrong! It's not always the same everywhere and it was worse 10, 20 or 30 years ago, but I'm still scared. We are far from a world where we can feel safe.&nbsp;<br>That you hunt someone for their existence or that you take your own life for the same reason.<\/p>\n\n\n\n<p><a href=\"https:\/\/de.wikipedia.org\/wiki\/Hermaphroditos\" target=\"_blank\" rel=\"noopener\">https:\/\/de.wikipedia.org<\/a><a href=\"https:\/\/de.wikipedia.org\/wiki\/Hermaphroditos\" target=\"_blank\" rel=\"noreferrer noopener\">\/wiki\/Hermaphroditos<\/a><\/p>\n\n\n\n<h5 class=\"wp-block-heading\">Why?<\/h5>\n\n\n\n<p>Ich kann nicht sagen, dass ich nicht wei\u00df warum solche Sachen passieren. Es ist Einsamkeit, es ist Isolation, es ist Ausgrenzung, es ist das Gef\u00fchl der Underdog zu sein. Und obwohl ich alles gebe, dass meine Community Sichtbarkeit bekommt und ich diese Sichtweise weiterbringe, habe ich oft das Gef\u00fchl es bringt sich nichts. Ich bin laut und werde trotzdem nicht geh\u00f6rt. Die Gesellschaft will uns konstant ungl\u00fccklich sehen, ohne support  des Systems. Das Bild einer ungl\u00fccklichen Trans Frau ist sehr gerne gesehen. Warum sollte ich ein +1 Date mitnehmen, da es ja nur ein Fu#kboy ist, der nicht zu mir steht, den muss man ja nicht kennenlernen. Warum sollte ich etwas \u00fcber Beziehungen wissen? Ich hatte ja nie eine. Warum sollte ich zu etwas nein sagen, ich habe ja nichts besserer zutun, w\u00e4hrend Cis Frauen um mich herum dasselbe machen. Und sie kommen damit davon. Sie d\u00fcrfen! Sie werden von M\u00e4nnern anders behandelt, sie werden von anderen Cis Frauen unterst\u00fctzt, aber auch das hat Grenzen. Andere marginalisierte Frauengruppen wie Sex Arbeiterinnen, verh\u00fcllte Frauen, geh\u00f6ren nicht dazu. Wir m\u00fcssen das Stigma einer ungl\u00fccklichen Frau um jeden Preis beibehalten, damit die anderen neben uns gl\u00fccklich wirken. Sie sind ja was besseres, sie sind mehr wert.<\/p>\n\n\n\n<p>Das Bild einer ungl\u00fccklichen Trans Frau wird weiterleben bis zum Moment wo Cis M\u00e4nner anfangen \u00f6ffentlich zu uns zu stehen, bis Cis Frauen uns unterst\u00fctzen und unsere Weiblichkeit anerkennen. Sie m\u00fcssen verstehen, dass wir da sind und kein Problem darstellen! Es ist eine internalisierte Phobie und die Menschen sind das Problem! Wir m\u00fcssen alle gemeinsam heilen und nicht jemanden der am heilen ist dabei aufhalten, um dieses Stigma zu durchbrechen&#8230; Dieses &#8220;Ich erlaube es dir nicht zu heilen, weil ich mit meinem Problem nicht klar komme&#8221;, muss sich \u00e4ndern.Wir m\u00fcssen als Kollektiv gemeinsam heilen! Weil ich m\u00fcde bin, wir alle sind es!<\/p>\n\n\n\n<div class=\"wp-block-image\"><figure class=\"aligncenter size-full is-resized\"><a href=\"https:\/\/www.instagram.com\/steffi_stan_\/\" target=\"_blank\" rel=\"noopener\"><img loading=\"lazy\" decoding=\"async\" src=\"https:\/\/myluencer.com\/wp-content\/uploads\/2021\/10\/Bildschirmfoto-2021-10-14-um-17.13.26.png\" alt=\"\" class=\"wp-image-3081\" width=\"312\" height=\"316\" srcset=\"https:\/\/myluencer.com\/wp-content\/uploads\/2021\/10\/Bildschirmfoto-2021-10-14-um-17.13.26.png 824w, https:\/\/myluencer.com\/wp-content\/uploads\/2021\/10\/Bildschirmfoto-2021-10-14-um-17.13.26-295x300.png 295w, https:\/\/myluencer.com\/wp-content\/uploads\/2021\/10\/Bildschirmfoto-2021-10-14-um-17.13.26-768x781.png 768w, https:\/\/myluencer.com\/wp-content\/uploads\/2021\/10\/Bildschirmfoto-2021-10-14-um-17.13.26-12x12.png 12w, https:\/\/myluencer.com\/wp-content\/uploads\/2021\/10\/Bildschirmfoto-2021-10-14-um-17.13.26-65x65.png 65w\" sizes=\"auto, (max-width: 312px) 100vw, 312px\" \/><\/a><figcaption>\u00a9Steff on IG <\/figcaption><\/figure><\/div>\n\n\n\n<h5 class=\"wp-block-heading\">We Are The Future<\/h5>\n\n\n\n<p>I want freedom! I want peace! I want to live! We are the future!<\/p>\n\n\n\n<p>To get back to the beginning of the story: \"So how am I doing right now?\"<br>The second is over, the world no longer stands still and I take a deep breath\u2026.&nbsp;<br>\u201cThanks, it's not easy to be me at the moment, but I keep my head up, I'm tough! How are you? \u201c\u2026.<\/p>\n\n\n\n<p>Yours truly <a href=\"https:\/\/myluencer.com\/en\/author\/hey_its_stef\/\" target=\"_blank\" rel=\"noreferrer noopener\">Steff<\/a><\/p>\n\n\n\n<p><em>In case you are not feeling well and you are looking for someone to talk to. If there are no opportunities to do so in your family or among friends, there are numerous professional people in Vienna who can support you mentally.<\/em><\/p>\n\n\n\n<p><em>In Vienna<\/em> <em><a href=\"https:\/\/www.telefonseelsorge.at\" target=\"_blank\" data-type=\"URL\" data-id=\"https:\/\/www.telefonseelsorge.at\" rel=\"noreferrer noopener\">Telefonseelsorge<\/a><\/em><\/p>","protected":false},"excerpt":{"rendered":"<p>Als Steff eines abends am Heimweg ist, schweifen ihre Gedanken ab. Die Frage &#8220;Wie geht es dir?&#8221;, ist das wirklich nur eine Frage, oder sollte man tiefer gehen. In einer Welt in der Oberfl\u00e4chlichkeit immer mehr an Kraft gewinnt, k\u00e4mpft Steff, um die Freiheit, den Frieden, das Leben und die Zukunft. &#8220;We Are The Future&#8221; Lest ihre  Kolumne.<\/p>","protected":false},"author":4,"featured_media":3075,"comment_status":"closed","ping_status":"open","sticky":false,"template":"","format":"standard","meta":{"kk_blocks_editor_width":"","_kiokenblocks_attr":"","_kiokenblocks_dimensions":"","footnotes":""},"categories":[1,136],"tags":[175,176,108,159,62,56,55],"coauthors":[130],"class_list":["post-3033","post","type-post","status-publish","format-standard","has-post-thumbnail","hentry","category-myluencer","category-sport-und-gesundheit","tag-diversity","tag-heyitssteff","tag-kolumne","tag-lgbtq","tag-myluencer","tag-oesterreich","tag-wien"],"views":3007,"_links":{"self":[{"href":"https:\/\/myluencer.com\/en\/wp-json\/wp\/v2\/posts\/3033","targetHints":{"allow":["GET"]}}],"collection":[{"href":"https:\/\/myluencer.com\/en\/wp-json\/wp\/v2\/posts"}],"about":[{"href":"https:\/\/myluencer.com\/en\/wp-json\/wp\/v2\/types\/post"}],"author":[{"embeddable":true,"href":"https:\/\/myluencer.com\/en\/wp-json\/wp\/v2\/users\/4"}],"replies":[{"embeddable":true,"href":"https:\/\/myluencer.com\/en\/wp-json\/wp\/v2\/comments?post=3033"}],"version-history":[{"count":17,"href":"https:\/\/myluencer.com\/en\/wp-json\/wp\/v2\/posts\/3033\/revisions"}],"predecessor-version":[{"id":3129,"href":"https:\/\/myluencer.com\/en\/wp-json\/wp\/v2\/posts\/3033\/revisions\/3129"}],"wp:featuredmedia":[{"embeddable":true,"href":"https:\/\/myluencer.com\/en\/wp-json\/wp\/v2\/media\/3075"}],"wp:attachment":[{"href":"https:\/\/myluencer.com\/en\/wp-json\/wp\/v2\/media?parent=3033"}],"wp:term":[{"taxonomy":"category","embeddable":true,"href":"https:\/\/myluencer.com\/en\/wp-json\/wp\/v2\/categories?post=3033"},{"taxonomy":"post_tag","embeddable":true,"href":"https:\/\/myluencer.com\/en\/wp-json\/wp\/v2\/tags?post=3033"},{"taxonomy":"author","embeddable":true,"href":"https:\/\/myluencer.com\/en\/wp-json\/wp\/v2\/coauthors?post=3033"}],"curies":[{"name":"wp","href":"https:\/\/api.w.org\/{rel}","templated":true}]}}